{"id":8197,"date":"2018-10-18T11:04:43","date_gmt":"2018-10-18T10:04:43","guid":{"rendered":"http:\/\/brosa.es\/comentarios-posibilidad-de-actualizar-las-bases-de-cotizacion-de-los-trabajadores-autonomos\/"},"modified":"2018-11-08T10:36:29","modified_gmt":"2018-11-08T09:36:29","slug":"comentarios-posibilidad-de-actualizar-las-bases-de-cotizacion-de-los-trabajadores-autonomos","status":"publish","type":"post","link":"https:\/\/brosa.es\/ca\/comentarios-posibilidad-de-actualizar-las-bases-de-cotizacion-de-los-trabajadores-autonomos\/","title":{"rendered":"Comentarios posibilidad de actualizar las bases de cotizaci\u00f3n de los trabajadores aut\u00f3nomos"},"content":{"rendered":"<p><strong>INTRODUCCI\u00d3N<\/strong><\/p>\n<p><strong>La Ley 6\/2017 establece que los trabajadores aut\u00f3nomos pueden cambiar <u>hasta cuatro veces al a\u00f1o la base de cotizaci\u00f3n<\/u>, eligiendo otra dentro de los l\u00edmites m\u00ednimo y m\u00e1ximo que les resulten aplicables en cada ejercicio.<\/strong><\/p>\n<p><strong>\u00a0<\/strong>MODIFICACIONES DE BASE DE COTIZACI\u00d3N<\/p>\n<ol type=\"a\">\n<li>La solicitud formulada entre el 1 de enero y el 31 de marzo tendr\u00e1 efectos el 1 de abril.<\/li>\n<li>La solicitud formulada entre el 1 de abril y el 30 de junio tendr\u00e1 efectos el 1 de julio.<\/li>\n<li>La solicitud formulada entre el 1 de julio y el 30 de septiembre tendr\u00e1 efectos el 1 de octubre.<\/li>\n<li>La solicitud formulada entre el 1 de octubre y el 31 de diciembre tendr\u00e1 efectos el 1 de enero del a\u00f1o siguiente.<\/li>\n<\/ol>\n<p>Por este motivo, les recordamos que tienen la oportunidad de <strong>MODIFICAR LA BASE DE COTIZACI\u00d3N <\/strong>del R\u00e9gimen Especial de Trabajadores Aut\u00f3nomos y la cuota a pagar, dentro de los l\u00edmites permitidos seg\u00fan edad, hasta el 30 de septiembre, para que tenga efectos a partir del 1 de octubre:<\/p>\n<p>Adjuntamos, a t\u00edtulo de ejemplo, escala comparativa con algunas opciones (importes vigentes a partir 01-08-2018):<\/p>\n<style>table td {border: 1px solid #cacaca;}<\/style>\n<table class=\" aligncenter\">\n<tbody>\n<tr>\n<td width=\"336\">Base de cotizaci\u00f3n<br \/>\n\u20ac\/mes<\/td>\n<td width=\"160\">Tipo de Cotizaci\u00f3n <em>contingencias comunes <\/em>cobertura IT<\/td>\n<td width=\"95\">Cuota a pagar<br \/>\n\u20ac\/mes<\/td>\n<\/tr>\n<tr>\n<td width=\"336\"><strong>932,70<br \/>\n<\/strong><em>&#8211; m\u00ednima a partir del 01-08-018 &#8211;<\/em><\/td>\n<td width=\"160\">29,90 % <strong>*<\/strong><\/td>\n<td width=\"95\"><strong>278,88<\/strong><\/td>\n<\/tr>\n<tr>\n<td width=\"336\"><strong>1.005,90<br \/>\n<\/strong><em>m\u00ednima para trabajadores de 48 o m\u00e1s a partir 01-08- 2018, salvo excepciones<\/em><\/td>\n<td width=\"160\">29,90 %<\/td>\n<td width=\"95\">300,76<\/td>\n<\/tr>\n<tr>\n<td width=\"336\"><strong>2.052,00<br \/>\n<\/strong><em>m\u00e1xima para trabajadores de 47, 48 a\u00f1os o m\u00e1s, a partir 01-08-2018 salvo excepciones<\/em><\/td>\n<td width=\"160\">29,90 %<\/td>\n<td width=\"95\">613,55<\/td>\n<\/tr>\n<tr>\n<td width=\"336\"><strong>3.803,70<br \/>\n<\/strong><em>&#8211; m\u00e1xima a partir del 01-08-2018 &#8211;<\/em><\/td>\n<td width=\"160\">29,90 %<\/td>\n<td width=\"95\">1.137,31<\/td>\n<\/tr>\n<\/tbody>\n<\/table>\n<p><strong>*<\/strong> <em>29,90 % = 29,80 % + 0,1 % (para los aut\u00f3nomos sin protecci\u00f3n por contingencias derivadas de accidentes de trabajo, enfermedades profesionales y cese de actividad)<\/em><\/p>\n<p><strong>La base m\u00ednima de cotizaci\u00f3n <\/strong>del aut\u00f3nomo que en alg\u00fan momento del a\u00f1o 2017 y de manera simult\u00e1nea haya tenido contratado <strong>10 o m\u00e1s trabajadores <\/strong>por cuenta ajena, as\u00ed como la del <strong>aut\u00f3nomo societario <\/strong>es de 1.199,10 euros mensuales.<\/p>\n<p>En relaci\u00f3n con los <strong>aut\u00f3nomos societarios, <\/strong>les recordamos que la negativa por parte de la Seguridad Social a reconocer la aplicaci\u00f3n de la tarifa plana a este colectivo est\u00e1 siendo revocada por las \u00faltimas Sentencias de los Tribunales Superiores de Justicia. La tarifa plana tiene una duraci\u00f3n de 24 meses y su reconocimiento supone un ahorro durante este tiempo de unos\u00a05.100 \u20ac (para los menores de 30 a\u00f1os o mujeres menores de 35, la cantidad puede superar los 6.400 euros). Tanto si van a efectuar una nueva alta en este r\u00e9gimen como aqu\u00e9llos que hubiesen tenido derecho durante los \u00faltimos\u00a04 a\u00f1os en alg\u00fan momento a esta bonificaci\u00f3n, es factible efectuar su reclamaci\u00f3n (mediante diferente procedimiento).<\/p>\n<p>Tambi\u00e9n les recordamos que los trabajadores aut\u00f3nomos que est\u00e9n cotizando por cualquiera de las bases m\u00e1ximas de este r\u00e9gimen especial <strong>podr\u00e1n solicitar que su base de cotizaci\u00f3n se incremente autom\u00e1ticamente en el mismo porcentaje en que se aumenten esas bases m\u00e1ximas.<\/strong><\/p>\n<p>Asimismo, los trabajadores aut\u00f3nomos que no est\u00e9n cotizando por cualquiera de las bases m\u00e1ximas podr\u00e1n solicitar que su base de cotizaci\u00f3n se incremente autom\u00e1ticamente en el mismo porcentaje en que se aumenten las bases m\u00e1ximas de cotizaci\u00f3n de este r\u00e9gimen especial.<\/p>\n<p>En ning\u00fan caso la base de cotizaci\u00f3n elegida podr\u00e1 ser superior al l\u00edmite m\u00e1ximo que pudiera afectar al trabajador.<\/p>\n<p>La solicitud podr\u00e1 realizarse, <strong>durante todo el a\u00f1o natural, y tendr\u00e1 efectos desde el d\u00eda 1 de enero <\/strong>del a\u00f1o siguiente a la fecha de\u00a0 presentaci\u00f3n de la solicitud.<\/p>\n<p>Tambi\u00e9n les informamos que pueden optar por la <strong>cobertura de las contingencias profesionales <\/strong>(accidente de trabajo y enfermedad profesional) y de la <strong>protecci\u00f3n por cese de actividad ANTES DEL 1 DE OCTUBRE<\/strong>.<\/p>\n<p><strong>Si est\u00e1n interesados <\/strong>en modificar la base de cotizaci\u00f3n o cuota, con la finalidad de aumentar la base de c\u00e1lculo de la jubilaci\u00f3n o la baja de incapacidad temporal, y\/o optar por las citadas coberturas, les agradecer\u00edamos que nos lo hicieran saber con la <strong>m\u00e1xima antelaci\u00f3n posible.<\/strong><\/p>\n<p>Igualmente, <strong>si est\u00e1n interesados en iniciar una reclamaci\u00f3n <\/strong>con relaci\u00f3n a <strong>las bonificaciones no aplicadas en el r\u00e9gimen de aut\u00f3nomo societario<\/strong>, convendr\u00eda llevarla a cabo lo antes posible para evitar supuestos de prescripci\u00f3n.<\/p>\n<p>La <strong>Circular Laboral Octubre\/2018<\/strong>\u00a0est\u00e1 disponible para su descarga\u00a0siguiendo este enlace directo:\u00a0<a href=\"https:\/\/brosa.es\/wp-content\/uploads\/2018\/10\/Circular_Laboral_bases_cotizaci\u00f3n_oct_2018.pdf\">BROSA Circular Laboral bases cotizaci\u00f3n_oct 2018.pdf<\/a><\/p>\n","protected":false},"excerpt":{"rendered":"<p>INTRODUCCI\u00d3N La Ley 6\/2017 establece que los trabajadores aut\u00f3nomos pueden cambiar hasta cuatro veces al a\u00f1o la base de cotizaci\u00f3n, eligiendo otra dentro de los l\u00edmites m\u00ednimo y m\u00e1ximo que les resulten aplicables en cada ejercicio. \u00a0MODIFICACIONES DE BASE DE COTIZACI\u00d3N La solicitud formulada entre el 1 de enero y el 31 de marzo tendr\u00e1&#8230;<\/p>\n","protected":false},"author":2,"featured_media":0,"comment_status":"closed","ping_status":"closed","sticky":false,"template":"","format":"standard","meta":[],"categories":[219],"tags":[],"_links":{"self":[{"href":"https:\/\/brosa.es\/ca\/wp-json\/wp\/v2\/posts\/8197"}],"collection":[{"href":"https:\/\/brosa.es\/ca\/wp-json\/wp\/v2\/posts"}],"about":[{"href":"https:\/\/brosa.es\/ca\/wp-json\/wp\/v2\/types\/post"}],"author":[{"embeddable":true,"href":"https:\/\/brosa.es\/ca\/wp-json\/wp\/v2\/users\/2"}],"replies":[{"embeddable":true,"href":"https:\/\/brosa.es\/ca\/wp-json\/wp\/v2\/comments?post=8197"}],"version-history":[{"count":5,"href":"https:\/\/brosa.es\/ca\/wp-json\/wp\/v2\/posts\/8197\/revisions"}],"predecessor-version":[{"id":8217,"href":"https:\/\/brosa.es\/ca\/wp-json\/wp\/v2\/posts\/8197\/revisions\/8217"}],"wp:attachment":[{"href":"https:\/\/brosa.es\/ca\/wp-json\/wp\/v2\/media?parent=8197"}],"wp:term":[{"taxonomy":"category","embeddable":true,"href":"https:\/\/brosa.es\/ca\/wp-json\/wp\/v2\/categories?post=8197"},{"taxonomy":"post_tag","embeddable":true,"href":"https:\/\/brosa.es\/ca\/wp-json\/wp\/v2\/tags?post=8197"}],"curies":[{"name":"wp","href":"https:\/\/api.w.org\/{rel}","templated":true}]}}